{"id":974,"date":"2025-07-08T08:00:43","date_gmt":"2025-07-08T08:00:43","guid":{"rendered":"https:\/\/www.vmv.cz\/?p=974"},"modified":"2025-07-08T08:00:43","modified_gmt":"2025-07-08T08:00:43","slug":"smlouva-s-ceitec-vut-na-vyzkumny-projekt","status":"publish","type":"post","link":"https:\/\/www.vmv.cz\/de\/smlouva-s-ceitec-vut-na-vyzkumny-projekt\/","title":{"rendered":"Vertragsunterzeichnung mit CEITEC der TU Br\u00fcnn f\u00fcr Forschungsprojekt"},"content":{"rendered":"<p>Im Juli 2025 hat unser Unternehmen einen Vertrag mit CEITEC (Central European Institute of Technology) an der Technischen Universit\u00e4t Br\u00fcnn zur Durchf\u00fchrung eines Forschungsprojekts unterzeichnet. Ziel des Projekts ist es, die technische Machbarkeit der pr\u00e4zisen Messung ausgew\u00e4hlter geometrischer Merkmale \u2013 einschlie\u00dflich abh\u00e4ngiger Toleranzen \u2013 direkt in der Maschine zu \u00fcberpr\u00fcfen, ohne das Werkst\u00fcck aus der Spannung zu entnehmen.<\/p>\n\n\n\n<p><\/p>","protected":false},"excerpt":{"rendered":"<p>Im Juli 2025 hat unser Unternehmen einen Vertrag mit CEITEC (Central European Institute of Technology) an der Technischen Universit\u00e4t Br\u00fcnn zur Durchf\u00fchrung eines Forschungsprojekts unterzeichnet. Ziel des Projekts ist es, die technische Machbarkeit der pr\u00e4zisen Messung ausgew\u00e4hlter geometrischer Merkmale \u2013 einschlie\u00dflich abh\u00e4ngiger Toleranzen \u2013 direkt in der Maschine zu \u00fcberpr\u00fcfen, ohne das Werkst\u00fcck aus der Spannung zu entnehmen.<\/p>","protected":false},"author":2,"featured_media":975,"comment_status":"closed","ping_status":"open","sticky":false,"template":"","format":"standard","meta":{"footnotes":""},"categories":[1],"tags":[48,53,50,49,51,52],"class_list":["post-974","post","type-post","status-publish","format-standard","has-post-thumbnail","hentry","category-aktuality","tag-ceitec","tag-mereni","tag-spoluprace","tag-vut","tag-vysoka-skola","tag-vyzkumny-projekt"],"yoast_head":"<!-- This site is optimized with the Yoast SEO plugin v26.5 - https:\/\/yoast.com\/wordpress\/plugins\/seo\/ -->\n<title>Smlouva s CEITEC VUT na v\u00fdzkumn\u00fd projekt - VMV, spol. s r. o.<\/title>\n<meta name=\"robots\" content=\"index, follow, max-snippet:-1, max-image-preview:large, max-video-preview:-1\" \/>\n<link rel=\"canonical\" href=\"https:\/\/www.vmv.cz\/de\/smlouva-s-ceitec-vut-na-vyzkumny-projekt\/\" \/>\n<meta property=\"og:locale\" content=\"de_DE\" \/>\n<meta property=\"og:type\" content=\"article\" \/>\n<meta property=\"og:title\" content=\"Smlouva s CEITEC VUT na v\u00fdzkumn\u00fd projekt - VMV, spol. s r. o.\" \/>\n<meta property=\"og:description\" content=\"\u010cervenec 2025: Spole\u010dnost VMV uzav\u0159ela smlouvu s CEITEC (St\u0159edoevropsk\u00fd technologick\u00fd institut) p\u0159i Vysok\u00e9m u\u010den\u00ed technick\u00e9m v Brn\u011b na realizaci v\u00fdzkumn\u00e9ho projektu. C\u00edlem projektu je ov\u011b\u0159it technickou proveditelnost p\u0159esn\u00e9ho m\u011b\u0159en\u00ed vybran\u00fdch geometrick\u00fdch veli\u010din, v\u010detn\u011b z\u00e1visl\u00fdch toleranc\u00ed, p\u0159\u00edmo ve stroji, bez nutnosti vyjmut\u00ed obrobku z upnut\u00ed.\" \/>\n<meta property=\"og:url\" content=\"https:\/\/www.vmv.cz\/de\/smlouva-s-ceitec-vut-na-vyzkumny-projekt\/\" \/>\n<meta property=\"og:site_name\" content=\"VMV, spol. s r. o.\" \/>\n<meta property=\"article:published_time\" content=\"2025-07-08T08:00:43+00:00\" \/>\n<meta property=\"og:image\" content=\"https:\/\/www.vmv.cz\/wp-content\/uploads\/2025\/07\/CEITEC-VUT-Brno-logo-EN.png\" \/>\n\t<meta property=\"og:image:width\" content=\"1417\" \/>\n\t<meta property=\"og:image:height\" content=\"432\" \/>\n\t<meta property=\"og:image:type\" content=\"image\/png\" \/>\n<meta name=\"author\" content=\"maschita@vmv.cz\" \/>\n<meta name=\"twitter:card\" content=\"summary_large_image\" \/>\n<meta name=\"twitter:label1\" content=\"Verfasst von\" \/>\n\t<meta name=\"twitter:data1\" content=\"maschita@vmv.cz\" \/>\n<script type=\"application\/ld+json\" class=\"yoast-schema-graph\">{\"@context\":\"https:\/\/schema.org\",\"@graph\":[{\"@type\":\"Article\",\"@id\":\"https:\/\/www.vmv.cz\/smlouva-s-ceitec-vut-na-vyzkumny-projekt\/#article\",\"isPartOf\":{\"@id\":\"https:\/\/www.vmv.cz\/smlouva-s-ceitec-vut-na-vyzkumny-projekt\/\"},\"author\":{\"name\":\"maschita@vmv.cz\",\"@id\":\"https:\/\/www.vmv.cz\/#\/schema\/person\/3be41f882970281213746bc4875dd4ec\"},\"headline\":\"Smlouva s CEITEC VUT na v\u00fdzkumn\u00fd projekt\",\"datePublished\":\"2025-07-08T08:00:43+00:00\",\"mainEntityOfPage\":{\"@id\":\"https:\/\/www.vmv.cz\/smlouva-s-ceitec-vut-na-vyzkumny-projekt\/\"},\"wordCount\":72,\"publisher\":{\"@id\":\"https:\/\/www.vmv.cz\/#organization\"},\"image\":{\"@id\":\"https:\/\/www.vmv.cz\/smlouva-s-ceitec-vut-na-vyzkumny-projekt\/#primaryimage\"},\"thumbnailUrl\":\"https:\/\/www.vmv.cz\/wp-content\/uploads\/2025\/07\/CEITEC-VUT-Brno-logo-EN.png\",\"keywords\":[\"CEITEC\",\"m\u011b\u0159en\u00ed\",\"spolupr\u00e1ce\",\"VUT\",\"vysok\u00e1 \u0161kola\",\"v\u00fdzkumn\u00fd projekt\"],\"articleSection\":[\"Aktuality\"],\"inLanguage\":\"de\"},{\"@type\":\"WebPage\",\"@id\":\"https:\/\/www.vmv.cz\/smlouva-s-ceitec-vut-na-vyzkumny-projekt\/\",\"url\":\"https:\/\/www.vmv.cz\/smlouva-s-ceitec-vut-na-vyzkumny-projekt\/\",\"name\":\"Smlouva s CEITEC VUT na v\u00fdzkumn\u00fd projekt - VMV, spol. s r. o.\",\"isPartOf\":{\"@id\":\"https:\/\/www.vmv.cz\/#website\"},\"primaryImageOfPage\":{\"@id\":\"https:\/\/www.vmv.cz\/smlouva-s-ceitec-vut-na-vyzkumny-projekt\/#primaryimage\"},\"image\":{\"@id\":\"https:\/\/www.vmv.cz\/smlouva-s-ceitec-vut-na-vyzkumny-projekt\/#primaryimage\"},\"thumbnailUrl\":\"https:\/\/www.vmv.cz\/wp-content\/uploads\/2025\/07\/CEITEC-VUT-Brno-logo-EN.png\",\"datePublished\":\"2025-07-08T08:00:43+00:00\",\"breadcrumb\":{\"@id\":\"https:\/\/www.vmv.cz\/smlouva-s-ceitec-vut-na-vyzkumny-projekt\/#breadcrumb\"},\"inLanguage\":\"de\",\"potentialAction\":[{\"@type\":\"ReadAction\",\"target\":[\"https:\/\/www.vmv.cz\/smlouva-s-ceitec-vut-na-vyzkumny-projekt\/\"]}]},{\"@type\":\"ImageObject\",\"inLanguage\":\"de\",\"@id\":\"https:\/\/www.vmv.cz\/smlouva-s-ceitec-vut-na-vyzkumny-projekt\/#primaryimage\",\"url\":\"https:\/\/www.vmv.cz\/wp-content\/uploads\/2025\/07\/CEITEC-VUT-Brno-logo-EN.png\",\"contentUrl\":\"https:\/\/www.vmv.cz\/wp-content\/uploads\/2025\/07\/CEITEC-VUT-Brno-logo-EN.png\",\"width\":1417,\"height\":432,\"caption\":\"Logo CEITEC\"},{\"@type\":\"BreadcrumbList\",\"@id\":\"https:\/\/www.vmv.cz\/smlouva-s-ceitec-vut-na-vyzkumny-projekt\/#breadcrumb\",\"itemListElement\":[{\"@type\":\"ListItem\",\"position\":1,\"name\":\"Dom\u016f\",\"item\":\"https:\/\/www.vmv.cz\/\"},{\"@type\":\"ListItem\",\"position\":2,\"name\":\"Smlouva s CEITEC VUT na v\u00fdzkumn\u00fd projekt\"}]},{\"@type\":\"WebSite\",\"@id\":\"https:\/\/www.vmv.cz\/#website\",\"url\":\"https:\/\/www.vmv.cz\/\",\"name\":\"Moje str\u00e1nky\",\"description\":\"VMV, spol. s r. o. | CNC FR\u00c9ZOV\u00c1N\u00cd | CNC SOUSTRU\u017dEN\u00cd | 5 OS\u00c9 OBR\u00c1B\u011aN\u00cd | CNC machining\",\"publisher\":{\"@id\":\"https:\/\/www.vmv.cz\/#organization\"},\"potentialAction\":[{\"@type\":\"SearchAction\",\"target\":{\"@type\":\"EntryPoint\",\"urlTemplate\":\"https:\/\/www.vmv.cz\/?s={search_term_string}\"},\"query-input\":{\"@type\":\"PropertyValueSpecification\",\"valueRequired\":true,\"valueName\":\"search_term_string\"}}],\"inLanguage\":\"de\"},{\"@type\":\"Organization\",\"@id\":\"https:\/\/www.vmv.cz\/#organization\",\"name\":\"Moje str\u00e1nky\",\"url\":\"https:\/\/www.vmv.cz\/\",\"logo\":{\"@type\":\"ImageObject\",\"inLanguage\":\"de\",\"@id\":\"https:\/\/www.vmv.cz\/#\/schema\/logo\/image\/\",\"url\":\"https:\/\/www.vmv.cz\/wp-content\/uploads\/2024\/11\/Datovy-zdroj-1logo-vmv-min.png\",\"contentUrl\":\"https:\/\/www.vmv.cz\/wp-content\/uploads\/2024\/11\/Datovy-zdroj-1logo-vmv-min.png\",\"width\":1000,\"height\":335,\"caption\":\"Moje str\u00e1nky\"},\"image\":{\"@id\":\"https:\/\/www.vmv.cz\/#\/schema\/logo\/image\/\"}},{\"@type\":\"Person\",\"@id\":\"https:\/\/www.vmv.cz\/#\/schema\/person\/3be41f882970281213746bc4875dd4ec\",\"name\":\"maschita@vmv.cz\",\"url\":\"https:\/\/www.vmv.cz\/de\/author\/maschitavmv-cz\/\"}]}<\/script>\n<!-- \/ Yoast SEO plugin. -->","yoast_head_json":{"title":"Smlouva s CEITEC VUT na v\u00fdzkumn\u00fd projekt - VMV, spol. s r. o.","robots":{"index":"index","follow":"follow","max-snippet":"max-snippet:-1","max-image-preview":"max-image-preview:large","max-video-preview":"max-video-preview:-1"},"canonical":"https:\/\/www.vmv.cz\/de\/smlouva-s-ceitec-vut-na-vyzkumny-projekt\/","og_locale":"de_DE","og_type":"article","og_title":"Smlouva s CEITEC VUT na v\u00fdzkumn\u00fd projekt - VMV, spol. s r. o.","og_description":"\u010cervenec 2025: Spole\u010dnost VMV uzav\u0159ela smlouvu s CEITEC (St\u0159edoevropsk\u00fd technologick\u00fd institut) p\u0159i Vysok\u00e9m u\u010den\u00ed technick\u00e9m v Brn\u011b na realizaci v\u00fdzkumn\u00e9ho projektu. C\u00edlem projektu je ov\u011b\u0159it technickou proveditelnost p\u0159esn\u00e9ho m\u011b\u0159en\u00ed vybran\u00fdch geometrick\u00fdch veli\u010din, v\u010detn\u011b z\u00e1visl\u00fdch toleranc\u00ed, p\u0159\u00edmo ve stroji, bez nutnosti vyjmut\u00ed obrobku z upnut\u00ed.","og_url":"https:\/\/www.vmv.cz\/de\/smlouva-s-ceitec-vut-na-vyzkumny-projekt\/","og_site_name":"VMV, spol. s r. o.","article_published_time":"2025-07-08T08:00:43+00:00","og_image":[{"width":1417,"height":432,"url":"https:\/\/www.vmv.cz\/wp-content\/uploads\/2025\/07\/CEITEC-VUT-Brno-logo-EN.png","type":"image\/png"}],"author":"maschita@vmv.cz","twitter_card":"summary_large_image","twitter_misc":{"Verfasst von":"maschita@vmv.cz"},"schema":{"@context":"https:\/\/schema.org","@graph":[{"@type":"Article","@id":"https:\/\/www.vmv.cz\/smlouva-s-ceitec-vut-na-vyzkumny-projekt\/#article","isPartOf":{"@id":"https:\/\/www.vmv.cz\/smlouva-s-ceitec-vut-na-vyzkumny-projekt\/"},"author":{"name":"maschita@vmv.cz","@id":"https:\/\/www.vmv.cz\/#\/schema\/person\/3be41f882970281213746bc4875dd4ec"},"headline":"Smlouva s CEITEC VUT na v\u00fdzkumn\u00fd projekt","datePublished":"2025-07-08T08:00:43+00:00","mainEntityOfPage":{"@id":"https:\/\/www.vmv.cz\/smlouva-s-ceitec-vut-na-vyzkumny-projekt\/"},"wordCount":72,"publisher":{"@id":"https:\/\/www.vmv.cz\/#organization"},"image":{"@id":"https:\/\/www.vmv.cz\/smlouva-s-ceitec-vut-na-vyzkumny-projekt\/#primaryimage"},"thumbnailUrl":"https:\/\/www.vmv.cz\/wp-content\/uploads\/2025\/07\/CEITEC-VUT-Brno-logo-EN.png","keywords":["CEITEC","m\u011b\u0159en\u00ed","spolupr\u00e1ce","VUT","vysok\u00e1 \u0161kola","v\u00fdzkumn\u00fd projekt"],"articleSection":["Aktuality"],"inLanguage":"de"},{"@type":"WebPage","@id":"https:\/\/www.vmv.cz\/smlouva-s-ceitec-vut-na-vyzkumny-projekt\/","url":"https:\/\/www.vmv.cz\/smlouva-s-ceitec-vut-na-vyzkumny-projekt\/","name":"Smlouva s CEITEC VUT na v\u00fdzkumn\u00fd projekt - VMV, spol. s r. o.","isPartOf":{"@id":"https:\/\/www.vmv.cz\/#website"},"primaryImageOfPage":{"@id":"https:\/\/www.vmv.cz\/smlouva-s-ceitec-vut-na-vyzkumny-projekt\/#primaryimage"},"image":{"@id":"https:\/\/www.vmv.cz\/smlouva-s-ceitec-vut-na-vyzkumny-projekt\/#primaryimage"},"thumbnailUrl":"https:\/\/www.vmv.cz\/wp-content\/uploads\/2025\/07\/CEITEC-VUT-Brno-logo-EN.png","datePublished":"2025-07-08T08:00:43+00:00","breadcrumb":{"@id":"https:\/\/www.vmv.cz\/smlouva-s-ceitec-vut-na-vyzkumny-projekt\/#breadcrumb"},"inLanguage":"de","potentialAction":[{"@type":"ReadAction","target":["https:\/\/www.vmv.cz\/smlouva-s-ceitec-vut-na-vyzkumny-projekt\/"]}]},{"@type":"ImageObject","inLanguage":"de","@id":"https:\/\/www.vmv.cz\/smlouva-s-ceitec-vut-na-vyzkumny-projekt\/#primaryimage","url":"https:\/\/www.vmv.cz\/wp-content\/uploads\/2025\/07\/CEITEC-VUT-Brno-logo-EN.png","contentUrl":"https:\/\/www.vmv.cz\/wp-content\/uploads\/2025\/07\/CEITEC-VUT-Brno-logo-EN.png","width":1417,"height":432,"caption":"Logo CEITEC"},{"@type":"BreadcrumbList","@id":"https:\/\/www.vmv.cz\/smlouva-s-ceitec-vut-na-vyzkumny-projekt\/#breadcrumb","itemListElement":[{"@type":"ListItem","position":1,"name":"Dom\u016f","item":"https:\/\/www.vmv.cz\/"},{"@type":"ListItem","position":2,"name":"Smlouva s CEITEC VUT na v\u00fdzkumn\u00fd projekt"}]},{"@type":"WebSite","@id":"https:\/\/www.vmv.cz\/#website","url":"https:\/\/www.vmv.cz\/","name":"Mein Standort","description":"VMV, spol. s r. o. | CNC FR\u00c9ZOV\u00c1N\u00cd | CNC SOUSTRU\u017dEN\u00cd | 5 OS\u00c9 OBR\u00c1B\u011aN\u00cd | CNC machining","publisher":{"@id":"https:\/\/www.vmv.cz\/#organization"},"potentialAction":[{"@type":"SearchAction","target":{"@type":"EntryPoint","urlTemplate":"https:\/\/www.vmv.cz\/?s={search_term_string}"},"query-input":{"@type":"PropertyValueSpecification","valueRequired":true,"valueName":"search_term_string"}}],"inLanguage":"de"},{"@type":"Organization","@id":"https:\/\/www.vmv.cz\/#organization","name":"Mein Standort","url":"https:\/\/www.vmv.cz\/","logo":{"@type":"ImageObject","inLanguage":"de","@id":"https:\/\/www.vmv.cz\/#\/schema\/logo\/image\/","url":"https:\/\/www.vmv.cz\/wp-content\/uploads\/2024\/11\/Datovy-zdroj-1logo-vmv-min.png","contentUrl":"https:\/\/www.vmv.cz\/wp-content\/uploads\/2024\/11\/Datovy-zdroj-1logo-vmv-min.png","width":1000,"height":335,"caption":"Moje str\u00e1nky"},"image":{"@id":"https:\/\/www.vmv.cz\/#\/schema\/logo\/image\/"}},{"@type":"Person","@id":"https:\/\/www.vmv.cz\/#\/schema\/person\/3be41f882970281213746bc4875dd4ec","name":"maschita@vmv.cz","url":"https:\/\/www.vmv.cz\/de\/author\/maschitavmv-cz\/"}]}},"_links":{"self":[{"href":"https:\/\/www.vmv.cz\/de\/wp-json\/wp\/v2\/posts\/974","targetHints":{"allow":["GET"]}}],"collection":[{"href":"https:\/\/www.vmv.cz\/de\/wp-json\/wp\/v2\/posts"}],"about":[{"href":"https:\/\/www.vmv.cz\/de\/wp-json\/wp\/v2\/types\/post"}],"author":[{"embeddable":true,"href":"https:\/\/www.vmv.cz\/de\/wp-json\/wp\/v2\/users\/2"}],"replies":[{"embeddable":true,"href":"https:\/\/www.vmv.cz\/de\/wp-json\/wp\/v2\/comments?post=974"}],"version-history":[{"count":1,"href":"https:\/\/www.vmv.cz\/de\/wp-json\/wp\/v2\/posts\/974\/revisions"}],"predecessor-version":[{"id":976,"href":"https:\/\/www.vmv.cz\/de\/wp-json\/wp\/v2\/posts\/974\/revisions\/976"}],"wp:featuredmedia":[{"embeddable":true,"href":"https:\/\/www.vmv.cz\/de\/wp-json\/wp\/v2\/media\/975"}],"wp:attachment":[{"href":"https:\/\/www.vmv.cz\/de\/wp-json\/wp\/v2\/media?parent=974"}],"wp:term":[{"taxonomy":"category","embeddable":true,"href":"https:\/\/www.vmv.cz\/de\/wp-json\/wp\/v2\/categories?post=974"},{"taxonomy":"post_tag","embeddable":true,"href":"https:\/\/www.vmv.cz\/de\/wp-json\/wp\/v2\/tags?post=974"}],"curies":[{"name":"wp","href":"https:\/\/api.w.org\/{rel}","templated":true}]}}